{"id":2375,"date":"2022-06-02T12:35:28","date_gmt":"2022-06-02T15:35:28","guid":{"rendered":"https:\/\/bedu.tech\/?p=2375"},"modified":"2022-12-15T11:39:22","modified_gmt":"2022-12-15T14:39:22","slug":"por-onde-comecar-para-levar-a-transformacao-digital-para-a-minha-instituicao","status":"publish","type":"post","link":"https:\/\/bedu.tech\/en\/por-onde-comecar-para-levar-a-transformacao-digital-para-a-minha-instituicao\/","title":{"rendered":"Por onde come\u00e7ar para levar a transforma\u00e7\u00e3o digital para a minha institui\u00e7\u00e3o?"},"content":{"rendered":"<p><span style=\"font-weight: 400;\">A transforma\u00e7\u00e3o digital ser\u00e1 diferente para cada empresa e para cada setor. No entanto, em linhas gerais, descreve a integra\u00e7\u00e3o da tecnologia digital em cada \u00e1rea do neg\u00f3cio. Isso resulta em mudan\u00e7as fundamentais na forma como uma empresa opera e entrega seus produtos ou servi\u00e7os aos clientes, aproveitando os avan\u00e7os tecnol\u00f3gicos.<\/span><\/p>\n<p><span style=\"font-weight: 400;\">Dentro de uma empresa, a trasnforma\u00e7\u00e3o digital requer uma mudan\u00e7a cultural na forma como os processos s\u00e3o conclu\u00eddos. Os funcion\u00e1rios precisam se acostumar a experimentar regularmente seus processos e \u00e0s vezes at\u00e9 falham em seus esfor\u00e7os para inovar.\u00a0<\/span><\/p>\n<p><span style=\"font-weight: 400;\">As empresas podem at\u00e9 descobrir que \u00e0s vezes precisam se afastar de seus processos antigos, que sabiam funcionar bem, em favor de experimentar solu\u00e7\u00f5es inovadoras que n\u00e3o passaram pelos mesmos testes extensivos.<\/span><\/p>\n<p><span style=\"font-weight: 400;\">\u00c9 somente adotando essas melhores pr\u00e1ticas e integrando totalmente os funcion\u00e1rios na mentalidade da inova\u00e7\u00e3o digital que as marcas podem permanecer na vanguarda de seus setores e continuar a atender os clientes com o cuidado que eles esperam. Mas e a educa\u00e7\u00e3o?<\/span><\/p>\n<h2><span style=\"font-weight: 400;\">O que a transforma\u00e7\u00e3o digital significa para as institui\u00e7\u00f5es de ensino?<\/span><\/h2>\n<p><span style=\"font-weight: 400;\">Empresas e escolas descobrem que muitas vezes adotam a transforma\u00e7\u00e3o digital de diferentes perspectivas. Para as empresas, essa ado\u00e7\u00e3o \u00e9 muitas vezes uma quest\u00e3o de sobreviv\u00eancia. Os clientes esperam que as empresas forne\u00e7am cuidados personalizados em evolu\u00e7\u00e3o que reflitam suas prioridades tecnol\u00f3gicas.\u00a0<\/span><\/p>\n<p><span style=\"font-weight: 400;\">Na esteira da pandemia, isso s\u00f3 foi ampliado ainda mais, pois a capacidade de uma organiza\u00e7\u00e3o de se adaptar a interrup\u00e7\u00f5es nas cadeias de suprimentos, mudan\u00e7as nas expectativas dos clientes e se ajustar ao estresse do tempo de lan\u00e7amento no mercado tornou-se um componente cr\u00edtico para prosperar.<\/span><\/p>\n<p><span style=\"font-weight: 400;\">Para organiza\u00e7\u00f5es educacionais, a ado\u00e7\u00e3o digital pode ajudar as institui\u00e7\u00f5es a se tornarem mais competitivas. Tamb\u00e9m na esteira da pandemia, as pessoas come\u00e7aram a perceber o poder de longo alcance da tecnologia orientada para a educa\u00e7\u00e3o. Como o mundo digital exige que os educadores encontrem novas maneiras de incorporar e integrar a tecnologia nas pr\u00e1ticas de ensino, as escolas que melhor gerenciam isso naturalmente se destacar\u00e3o das outras.<\/span><\/p>\n<h2><span style=\"font-weight: 400;\">Como a pandemia do COVID-19 mudou a transforma\u00e7\u00e3o digital?<\/span><\/h2>\n<p><span style=\"font-weight: 400;\">Quando a pandemia do coronav\u00edrus se deflagrou, ela for\u00e7ou mudan\u00e7as sociais em todo o mundo. Quase da noite para o dia, os governos emitiram ordens que limitavam grandes reuni\u00f5es de pessoas, restringiam as opera\u00e7\u00f5es comerciais pessoais e incentivavam as pessoas a trabalhar em casa o m\u00e1ximo poss\u00edvel.<\/span><\/p>\n<p><span style=\"font-weight: 400;\">Em resposta, empresas e escolas come\u00e7aram a procurar maneiras de continuar suas opera\u00e7\u00f5es remotamente, gra\u00e7as \u00e0 internet. Elas recorreram a v\u00e1rias plataformas de colabora\u00e7\u00e3o e capacidades de videoconfer\u00eancia para permanecerem produtivas enquanto trabalhavam em home office.<\/span><\/p>\n<p><span style=\"font-weight: 400;\">Explorar as principais mudan\u00e7as pode ajudar as pessoas a entender como as organiza\u00e7\u00f5es podem adotar sua transforma\u00e7\u00e3o digital e quais partes dessas mudan\u00e7as provavelmente estar\u00e3o aqui para durar.<\/span><\/p>\n<ul>\n<li style=\"font-weight: 400;\" aria-level=\"1\"><span style=\"font-weight: 400;\">Maior investimento e prioriza\u00e7\u00e3o de tecnologia;<\/span><\/li>\n<li style=\"font-weight: 400;\" aria-level=\"1\"><span style=\"font-weight: 400;\">Mais aten\u00e7\u00e3o \u00e0s experi\u00eancias de funcion\u00e1rios e clientes em tecnologia;<\/span><\/li>\n<li style=\"font-weight: 400;\" aria-level=\"1\"><span style=\"font-weight: 400;\">Aumento do uso de automa\u00e7\u00e3o para melhorar a experi\u00eancia do cliente;<\/span><\/li>\n<li style=\"font-weight: 400;\" aria-level=\"1\"><span style=\"font-weight: 400;\">Cria\u00e7\u00e3o de servi\u00e7os de atendimento sem contato;<\/span><\/li>\n<li style=\"font-weight: 400;\" aria-level=\"1\"><span style=\"font-weight: 400;\">Enxergar a tecnologia como um meio de inovar e prosperar;<\/span><\/li>\n<li style=\"font-weight: 400;\" aria-level=\"1\"><span style=\"font-weight: 400;\">Maior investimento em ciberseguran\u00e7a.<\/span><\/li>\n<\/ul>\n<h2><span style=\"font-weight: 400;\">Benef\u00edcios da transforma\u00e7\u00e3o digital no setor educacional<\/span><\/h2>\n<p><span style=\"font-weight: 400;\">Veja abaixo quais os benef\u00edcios da transforma\u00e7\u00e3o digital para institui\u00e7\u00f5es de ensino:<\/span><\/p>\n<h3><span style=\"font-weight: 400;\">Monitoramento dos resultados dos alunos<\/span><\/h3>\n<p><span style=\"font-weight: 400;\">Um dos efeitos da transforma\u00e7\u00e3o digital no setor educacional \u00e9 que ela fornece uma maneira mais realista de monitorar o progresso e o sucesso dos alunos. Ao registrar informa\u00e7\u00f5es sobre o trabalho dos alunos, a tecnologia pode desempenhar um papel importante permitindo que professores e pais acompanhem seu progresso. Por exemplo, livros did\u00e1ticos ou trabalhos criativos podem ser comparados em intervalos com materiais j\u00e1 gravados digitalmente, levando a uma compreens\u00e3o mais clara de quem est\u00e1 melhorando e quem precisa de aten\u00e7\u00e3o adicional.<\/span><\/p>\n<h3><span style=\"font-weight: 400;\">Melhorando os resultados com an\u00e1lise de dados<\/span><\/h3>\n<p><span style=\"font-weight: 400;\">As escolas podem usar an\u00e1lises para monitorar e melhorar seus resultados. Os alunos podem entender melhor o que as crian\u00e7as e as escolas precisam analisando as informa\u00e7\u00f5es obtidas com o uso da tecnologia na sala de aula. Quanto mais claramente pudermos entender como um aluno perdeu um per\u00edodo, mais f\u00e1cil ser\u00e1 executar o curso. A tecnologia nos ajudar\u00e1 a diagnosticar essas defici\u00eancias com muito mais facilidade e confiabilidade do que os professores poderiam em uma sala de aula com mais de 30 alunos.<\/span><\/p>\n<h3><span style=\"font-weight: 400;\">Aprendizado colaborativo<\/span><\/h3>\n<p><span style=\"font-weight: 400;\">A aprendizagem digital refor\u00e7a a colabora\u00e7\u00e3o. Os professores podem criar e gerenciar grupos por meio de plataformas de aprendizagem. O trabalho e as apresenta\u00e7\u00f5es em coautoria s\u00e3o facilitados por ambientes criativos colaborativos, como Google Docs, One Drive etc. Esses tipos de ferramentas interativas j\u00e1 est\u00e3o em uso nas organiza\u00e7\u00f5es.\u00a0<\/span><\/p>\n<h3><span style=\"font-weight: 400;\">Curr\u00edculos orientados para o futuro<\/span><\/h3>\n<p><span style=\"font-weight: 400;\">As evid\u00eancias sugerem que as necessidades da for\u00e7a de trabalho est\u00e3o mudando e continuar\u00e3o a se expandir muito no futuro. Com a transforma\u00e7\u00e3o digital, os alunos t\u00eam mais acesso a conte\u00fados adequados e atualizados com frequ\u00eancia. A capacidade de atualizar e funcionar rapidamente requer acesso di\u00e1rio a novos materiais e funcionalidades.<\/span><\/p>\n<h3><span style=\"font-weight: 400;\">Melhor sinergia entre pais e professores<\/span><\/h3>\n<p><span style=\"font-weight: 400;\">Pesquisas indicam que as crian\u00e7as t\u00eam um desempenho melhor na escola e, em geral, s\u00e3o muito mais saud\u00e1veis \u200b\u200bquando os pais est\u00e3o envolvidos em seu sucesso acad\u00eamico. A automa\u00e7\u00e3o fornece eletronicamente notas de progresso e relat\u00f3rios aos pais.<\/span><\/p>\n<h2><span style=\"font-weight: 400;\">Como iniciar a transforma\u00e7\u00e3o digital na institui\u00e7\u00e3o<\/span><\/h2>\n<p><span style=\"font-weight: 400;\">Mas qual ser\u00e1 o caminho a seguir que permitir\u00e1 \u00e0s escolas modernizar a sua institui\u00e7\u00e3o e iniciar a transforma\u00e7\u00e3o digital?\u00a0 Aqui est\u00e3o as etapas que podem ajudar qualquer institui\u00e7\u00e3o a atualizar seus recursos digitais.<\/span><\/p>\n<ol>\n<li style=\"font-weight: 400;\" aria-level=\"1\"><b>Metas: <\/b><span style=\"font-weight: 400;\">na fase de pr\u00e9-planejamento, comece formulando ambi\u00e7\u00f5es e alinhando os desejos da empresa com informa\u00e7\u00f5es de mercado e metas de longo prazo. Este \u00e9 o momento de conceituar o que voc\u00ea realmente deseja alcan\u00e7ar como empresa;<\/span><\/li>\n<li style=\"font-weight: 400;\" aria-level=\"1\"><b>Projeto: <\/b><span style=\"font-weight: 400;\">o est\u00e1gio de projeto requer mergulhar em uma variedade de op\u00e7\u00f5es e pr\u00e9-analisar o impacto potencial de todos os est\u00e1gios de seus desenvolvimentos. \u00c9 fundamental que a transforma\u00e7\u00e3o desejada atenda \u00e0 demanda (do mercado) no momento da entrega e al\u00e9m;<\/span><\/li>\n<li style=\"font-weight: 400;\" aria-level=\"1\"><b>Decis\u00e3o: <\/b><span style=\"font-weight: 400;\">na fase de tomada de decis\u00e3o, todas as possibilidades da fase de projeto precisam tomar forma e n\u00e3o deve haver espa\u00e7o para ambiguidades. Muitas vezes h\u00e1 mudan\u00e7as e interrup\u00e7\u00f5es em um processo de mudan\u00e7a, e \u00e9 muito comum que o caminho de uma jornada digital se (re)forme ao longo do caminho;<\/span><\/li>\n<li style=\"font-weight: 400;\" aria-level=\"1\"><b>Implementa\u00e7\u00e3o: <\/b><span style=\"font-weight: 400;\">o \u00faltimo, mas tamb\u00e9m o mais importante passo antes do lan\u00e7amento, \u00e9 planejar com anteced\u00eancia a entrega e a implementa\u00e7\u00e3o. Ap\u00f3s a fase de projeto, um plano claro, transpar\u00eancia sobre responsabilidades e objetivos s\u00e3o definidos e prontos para avan\u00e7ar para a implementa\u00e7\u00e3o.<\/span><\/li>\n<\/ol>\n<p><span style=\"font-weight: 400;\">Se voc\u00ea tiver mais d\u00favidas sobre como colocar a transforma\u00e7\u00e3o digital em pr\u00e1tica na sua institui\u00e7\u00e3o, sinta-se \u00e0 vontade para <a href=\"https:\/\/bedu.tech\/en\/contato\/\">entrar em contato conosco e conversar<\/a> com um dos especialistas da Bedu.tech! Estamos prontos para ajud\u00e1-lo nessa jornada.<\/span><\/p>\n<p>&nbsp;<\/p>","protected":false},"excerpt":{"rendered":"<p>Voc\u00ea certamente j\u00e1 ouviu falar sobre transforma\u00e7\u00e3o digital, mas o que ela significa?<\/p>","protected":false},"author":11,"featured_media":2376,"comment_status":"open","ping_status":"open","sticky":false,"template":"","format":"standard","meta":{"om_disable_all_campaigns":false,"_monsterinsights_skip_tracking":false,"_monsterinsights_sitenote_active":false,"_monsterinsights_sitenote_note":"","_monsterinsights_sitenote_category":0},"categories":[55],"tags":[],"aioseo_notices":[],"yoast_head":"<!-- This site is optimized with the Yoast SEO plugin v20.9 - https:\/\/yoast.com\/wordpress\/plugins\/seo\/ -->\n<title>Por onde come\u00e7ar para levar a transforma\u00e7\u00e3o digital para a minha institui\u00e7\u00e3o? | Bedu Tech<\/title>\n<meta name=\"description\" content=\"Voc\u00ea certamente j\u00e1 ouviu falar sobre transforma\u00e7\u00e3o digital, mas o que ela significa? Entendqa mais sobre o assunto com este artigo!!!\" \/>\n<meta name=\"robots\" content=\"index, follow, max-snippet:-1, max-image-preview:large, max-video-preview:-1\" \/>\n<link rel=\"canonical\" href=\"https:\/\/bedu.tech\/en\/por-onde-comecar-para-levar-a-transformacao-digital-para-a-minha-instituicao\/\" \/>\n<meta property=\"og:locale\" content=\"en_US\" \/>\n<meta property=\"og:type\" content=\"article\" \/>\n<meta property=\"og:title\" content=\"Por onde come\u00e7ar para levar a transforma\u00e7\u00e3o digital para a minha institui\u00e7\u00e3o? | Bedu Tech\" \/>\n<meta property=\"og:description\" content=\"Voc\u00ea certamente j\u00e1 ouviu falar sobre transforma\u00e7\u00e3o digital, mas o que ela significa? Entendqa mais sobre o assunto com este artigo!!!\" \/>\n<meta property=\"og:url\" content=\"https:\/\/bedu.tech\/en\/por-onde-comecar-para-levar-a-transformacao-digital-para-a-minha-instituicao\/\" \/>\n<meta property=\"og:site_name\" content=\"Bedu Tech\" \/>\n<meta property=\"article:published_time\" content=\"2022-06-02T15:35:28+00:00\" \/>\n<meta property=\"article:modified_time\" content=\"2022-12-15T14:39:22+00:00\" \/>\n<meta property=\"og:image\" content=\"https:\/\/bedu.tech\/wp-content\/uploads\/2022\/06\/My_project_9.png\" \/>\n\t<meta property=\"og:image:width\" content=\"800\" \/>\n\t<meta property=\"og:image:height\" content=\"520\" \/>\n\t<meta property=\"og:image:type\" content=\"image\/png\" \/>\n<meta name=\"author\" content=\"Aryadne Aranha\" \/>\n<meta name=\"twitter:card\" content=\"summary_large_image\" \/>\n<meta name=\"twitter:label1\" content=\"Written by\" \/>\n\t<meta name=\"twitter:data1\" content=\"Aryadne Aranha\" \/>\n\t<meta name=\"twitter:label2\" content=\"Est. reading time\" \/>\n\t<meta name=\"twitter:data2\" content=\"6 minutes\" \/>\n<script type=\"application\/ld+json\" class=\"yoast-schema-graph\">{\"@context\":\"https:\/\/schema.org\",\"@graph\":[{\"@type\":\"WebPage\",\"@id\":\"https:\/\/bedu.tech\/por-onde-comecar-para-levar-a-transformacao-digital-para-a-minha-instituicao\/\",\"url\":\"https:\/\/bedu.tech\/por-onde-comecar-para-levar-a-transformacao-digital-para-a-minha-instituicao\/\",\"name\":\"Por onde come\u00e7ar para levar a transforma\u00e7\u00e3o digital para a minha institui\u00e7\u00e3o? | Bedu Tech\",\"isPartOf\":{\"@id\":\"https:\/\/bedu.tech\/#website\"},\"datePublished\":\"2022-06-02T15:35:28+00:00\",\"dateModified\":\"2022-12-15T14:39:22+00:00\",\"author\":{\"@id\":\"https:\/\/bedu.tech\/#\/schema\/person\/3132a8faf0912dce0eb7d484c86a3a7b\"},\"description\":\"Voc\u00ea certamente j\u00e1 ouviu falar sobre transforma\u00e7\u00e3o digital, mas o que ela significa? Entendqa mais sobre o assunto com este artigo!!!\",\"breadcrumb\":{\"@id\":\"https:\/\/bedu.tech\/por-onde-comecar-para-levar-a-transformacao-digital-para-a-minha-instituicao\/#breadcrumb\"},\"inLanguage\":\"en-US\",\"potentialAction\":[{\"@type\":\"ReadAction\",\"target\":[\"https:\/\/bedu.tech\/por-onde-comecar-para-levar-a-transformacao-digital-para-a-minha-instituicao\/\"]}]},{\"@type\":\"BreadcrumbList\",\"@id\":\"https:\/\/bedu.tech\/por-onde-comecar-para-levar-a-transformacao-digital-para-a-minha-instituicao\/#breadcrumb\",\"itemListElement\":[{\"@type\":\"ListItem\",\"position\":1,\"name\":\"In\u00edcio\",\"item\":\"https:\/\/bedu.tech\/\"},{\"@type\":\"ListItem\",\"position\":2,\"name\":\"Por onde come\u00e7ar para levar a transforma\u00e7\u00e3o digital para a minha institui\u00e7\u00e3o?\"}]},{\"@type\":\"WebSite\",\"@id\":\"https:\/\/bedu.tech\/#website\",\"url\":\"https:\/\/bedu.tech\/\",\"name\":\"Bedu Tech\",\"description\":\"Tecnologia para Educa\u00e7\u00e3o\",\"potentialAction\":[{\"@type\":\"SearchAction\",\"target\":{\"@type\":\"EntryPoint\",\"urlTemplate\":\"https:\/\/bedu.tech\/?s={search_term_string}\"},\"query-input\":\"required name=search_term_string\"}],\"inLanguage\":\"en-US\"},{\"@type\":\"Person\",\"@id\":\"https:\/\/bedu.tech\/#\/schema\/person\/3132a8faf0912dce0eb7d484c86a3a7b\",\"name\":\"Aryadne Aranha\",\"image\":{\"@type\":\"ImageObject\",\"inLanguage\":\"en-US\",\"@id\":\"https:\/\/bedu.tech\/#\/schema\/person\/image\/\",\"url\":\"https:\/\/secure.gravatar.com\/avatar\/6fd00731f0b2eeb4d94ff1a0bd1c227c?s=96&d=mm&r=g\",\"contentUrl\":\"https:\/\/secure.gravatar.com\/avatar\/6fd00731f0b2eeb4d94ff1a0bd1c227c?s=96&d=mm&r=g\",\"caption\":\"Aryadne Aranha\"},\"url\":\"https:\/\/bedu.tech\/en\/author\/aryadne-aranha\/\"}]}<\/script>\n<!-- \/ Yoast SEO plugin. -->","yoast_head_json":{"title":"Por onde come\u00e7ar para levar a transforma\u00e7\u00e3o digital para a minha institui\u00e7\u00e3o? | Bedu Tech","description":"Voc\u00ea certamente j\u00e1 ouviu falar sobre transforma\u00e7\u00e3o digital, mas o que ela significa? Entendqa mais sobre o assunto com este artigo!!!","robots":{"index":"index","follow":"follow","max-snippet":"max-snippet:-1","max-image-preview":"max-image-preview:large","max-video-preview":"max-video-preview:-1"},"canonical":"https:\/\/bedu.tech\/en\/por-onde-comecar-para-levar-a-transformacao-digital-para-a-minha-instituicao\/","og_locale":"en_US","og_type":"article","og_title":"Por onde come\u00e7ar para levar a transforma\u00e7\u00e3o digital para a minha institui\u00e7\u00e3o? | Bedu Tech","og_description":"Voc\u00ea certamente j\u00e1 ouviu falar sobre transforma\u00e7\u00e3o digital, mas o que ela significa? Entendqa mais sobre o assunto com este artigo!!!","og_url":"https:\/\/bedu.tech\/en\/por-onde-comecar-para-levar-a-transformacao-digital-para-a-minha-instituicao\/","og_site_name":"Bedu Tech","article_published_time":"2022-06-02T15:35:28+00:00","article_modified_time":"2022-12-15T14:39:22+00:00","og_image":[{"width":800,"height":520,"url":"https:\/\/bedu.tech\/wp-content\/uploads\/2022\/06\/My_project_9.png","type":"image\/png"}],"author":"Aryadne Aranha","twitter_card":"summary_large_image","twitter_misc":{"Written by":"Aryadne Aranha","Est. reading time":"6 minutes"},"schema":{"@context":"https:\/\/schema.org","@graph":[{"@type":"WebPage","@id":"https:\/\/bedu.tech\/por-onde-comecar-para-levar-a-transformacao-digital-para-a-minha-instituicao\/","url":"https:\/\/bedu.tech\/por-onde-comecar-para-levar-a-transformacao-digital-para-a-minha-instituicao\/","name":"Por onde come\u00e7ar para levar a transforma\u00e7\u00e3o digital para a minha institui\u00e7\u00e3o? | Bedu Tech","isPartOf":{"@id":"https:\/\/bedu.tech\/#website"},"datePublished":"2022-06-02T15:35:28+00:00","dateModified":"2022-12-15T14:39:22+00:00","author":{"@id":"https:\/\/bedu.tech\/#\/schema\/person\/3132a8faf0912dce0eb7d484c86a3a7b"},"description":"Voc\u00ea certamente j\u00e1 ouviu falar sobre transforma\u00e7\u00e3o digital, mas o que ela significa? Entendqa mais sobre o assunto com este artigo!!!","breadcrumb":{"@id":"https:\/\/bedu.tech\/por-onde-comecar-para-levar-a-transformacao-digital-para-a-minha-instituicao\/#breadcrumb"},"inLanguage":"en-US","potentialAction":[{"@type":"ReadAction","target":["https:\/\/bedu.tech\/por-onde-comecar-para-levar-a-transformacao-digital-para-a-minha-instituicao\/"]}]},{"@type":"BreadcrumbList","@id":"https:\/\/bedu.tech\/por-onde-comecar-para-levar-a-transformacao-digital-para-a-minha-instituicao\/#breadcrumb","itemListElement":[{"@type":"ListItem","position":1,"name":"In\u00edcio","item":"https:\/\/bedu.tech\/"},{"@type":"ListItem","position":2,"name":"Por onde come\u00e7ar para levar a transforma\u00e7\u00e3o digital para a minha institui\u00e7\u00e3o?"}]},{"@type":"WebSite","@id":"https:\/\/bedu.tech\/#website","url":"https:\/\/bedu.tech\/","name":"Bedu Tech","description":"Tecnologia para Educa\u00e7\u00e3o","potentialAction":[{"@type":"SearchAction","target":{"@type":"EntryPoint","urlTemplate":"https:\/\/bedu.tech\/?s={search_term_string}"},"query-input":"required name=search_term_string"}],"inLanguage":"en-US"},{"@type":"Person","@id":"https:\/\/bedu.tech\/#\/schema\/person\/3132a8faf0912dce0eb7d484c86a3a7b","name":"Aryadne Aranha","image":{"@type":"ImageObject","inLanguage":"en-US","@id":"https:\/\/bedu.tech\/#\/schema\/person\/image\/","url":"https:\/\/secure.gravatar.com\/avatar\/6fd00731f0b2eeb4d94ff1a0bd1c227c?s=96&d=mm&r=g","contentUrl":"https:\/\/secure.gravatar.com\/avatar\/6fd00731f0b2eeb4d94ff1a0bd1c227c?s=96&d=mm&r=g","caption":"Aryadne Aranha"},"url":"https:\/\/bedu.tech\/en\/author\/aryadne-aranha\/"}]}},"_links":{"self":[{"href":"https:\/\/bedu.tech\/en\/wp-json\/wp\/v2\/posts\/2375"}],"collection":[{"href":"https:\/\/bedu.tech\/en\/wp-json\/wp\/v2\/posts"}],"about":[{"href":"https:\/\/bedu.tech\/en\/wp-json\/wp\/v2\/types\/post"}],"author":[{"embeddable":true,"href":"https:\/\/bedu.tech\/en\/wp-json\/wp\/v2\/users\/11"}],"replies":[{"embeddable":true,"href":"https:\/\/bedu.tech\/en\/wp-json\/wp\/v2\/comments?post=2375"}],"version-history":[{"count":0,"href":"https:\/\/bedu.tech\/en\/wp-json\/wp\/v2\/posts\/2375\/revisions"}],"wp:featuredmedia":[{"embeddable":true,"href":"https:\/\/bedu.tech\/en\/wp-json\/wp\/v2\/media\/2376"}],"wp:attachment":[{"href":"https:\/\/bedu.tech\/en\/wp-json\/wp\/v2\/media?parent=2375"}],"wp:term":[{"taxonomy":"category","embeddable":true,"href":"https:\/\/bedu.tech\/en\/wp-json\/wp\/v2\/categories?post=2375"},{"taxonomy":"post_tag","embeddable":true,"href":"https:\/\/bedu.tech\/en\/wp-json\/wp\/v2\/tags?post=2375"}],"curies":[{"name":"wp","href":"https:\/\/api.w.org\/{rel}","templated":true}]}}